{"id":31914,"date":"2025-10-22T09:12:51","date_gmt":"2025-10-22T07:12:51","guid":{"rendered":"https:\/\/agenciacomma.com\/uncategorized\/gathering-voices-that-transform\/"},"modified":"2025-12-10T09:05:00","modified_gmt":"2025-12-10T08:05:00","slug":"gathering-voices-that-transform","status":"publish","type":"post","link":"https:\/\/agenciacomma.com\/en\/specialized-communication\/gathering-voices-that-transform\/","title":{"rendered":"Bringing together voices that transform: this is how we connect Mutualidad and GSI in a dialogue about impact investing"},"content":{"rendered":"<p>There are spaces for thought and dialogue that transcend the agenda of the day to create fertile ground for two complementary perspectives to meet and generate criteria for action. When that happens, communicating is power to serve the common good, connect companies, align interests and build bridges between ideas and people.<\/p>\n<p>From <a href=\"https:\/\/agenciacomma.com\/en\/\">comma<\/a>, we have contributed to promoting one of these meetings with a long-term vocation within the framework of a cause that challenges us as a sector: the <a href=\"https:\/\/www.youtube.com\/playlist?list=PL1_2CCK9xa0CHuyKn5cAhVLSjVORvztOn\" target=\"_blank\" rel=\"noopener\">&#8216;Di\u00e1logos Activistas de lo Mutuo&#8217;<\/a>, of <a href=\"https:\/\/tudefinestufuturo.mutualidad.com\/\" target=\"_blank\" rel=\"noopener\">Mutualidad<\/a>, a cycle designed to think with vision transformative and that places in the centre the solidarity, the sustainability, collaboration and the creation of more inclusive societies.<\/p>\n<p><iframe title=\"Inversi\u00f3n de impacto con Mar\u00eda \u00c1ngeles Le\u00f3n y Pedro del Pozo | Di\u00e1logos Activistas de lo Mutuo 4\" width=\"800\" height=\"450\" data-src=\"https:\/\/www.youtube.com\/embed\/RZzWkwdHCOI?feature=oembed\" frameborder=\"0\" allow=\"accelerometer; autoplay; clipboard-write; encrypted-media; gyroscope; picture-in-picture; web-share\" referrerpolicy=\"strict-origin-when-cross-origin\" allowfullscreen src=\"data:image\/svg+xml;base64,PHN2ZyB3aWR0aD0iMSIgaGVpZ2h0PSIxIiB4bWxucz0iaHR0cDovL3d3dy53My5vcmcvMjAwMC9zdmciPjwvc3ZnPg==\" class=\"lazyload\" data-load-mode=\"1\"><\/iframe><\/p>\n<p>In a new chapter of this space, held at the headquarters of Mutualidad in Madrid, we have been instrumental in supporting Mutualidad and bringing together two of our spokespersons, essential figures in the industry of management of capital of our country: <a href=\"https:\/\/www.linkedin.com\/in\/pedro-del-pozo-vallejo-66986b1ab\/\" target=\"_blank\" rel=\"noopener\"><strong>Pedro del Pozo<\/strong><\/a>, director of Financial Investments at Mutualidad, and <a href=\"https:\/\/www.linkedin.com\/in\/maria-angeles-leon-lopez\/\" target=\"_blank\" rel=\"noopener\"><strong>Mar\u00eda \u00c1ngeles Le\u00f3n<\/strong><\/a>, founder of <a href=\"https:\/\/globalsocialimpact.es\/\" target=\"_blank\" rel=\"noopener\"><strong>Global Social Impact Investments (GSI)<\/strong><\/a> and <a href=\"https:\/\/www.openvaluefoundation.org\/es\/\" target=\"_blank\" rel=\"noopener\"><strong>Open Value Foundation<\/strong><\/a>. The objective: to discuss, with data and experience, about investment in impact. It is the result of a specialised consultancy that identifies areas of authority, aligns agendas and brings together the firms that we represent so that the conversation adds real value to the audiences.<\/p>\n<p>We feel directly challenged in this honest and useful debate between two brands with different approaches that are different, but one common ambition: to combine profitability and purpose.<\/p>\n<h2><strong>Key ideas that emerged from the debate<\/strong><\/h2>\n<ul>\n<li><strong>From ESG to impact:<\/strong> the &#8220;peak&#8221; is achieved when capital drives tangible social and environmental objectives.<\/li>\n<li><strong>Measure what matters:<\/strong> metrics useful for management; avoid &#8220;paralysis due to compliance&#8221; regulations that increase costs and block progress.<\/li>\n<li><strong>Impact and profitability coexist: <\/strong> the demand for sustainable assets improves their value; <strong>it is no less profitable: it is more in demand<\/strong>.<\/li>\n<li><strong>Inclusive growth<\/strong>: growth, yes, but with inclusion from the outset, combining private initiative and policies that accompany it.<\/li>\n<li><strong>Governance and the long term<\/strong>: sustainability integrated into risk and investment reinforces the resilience of portfolios and of companies.<\/li>\n<\/ul>\n<p>That is the type of communication that, since comma, we want to continue promoting: creating the conditions for the best ideas to be found, to be contrasted and are turned into decisions that change economies and societies. Thank you to <strong>Mutualidad<\/strong> for opening this space and to <strong>Pedro del Pozo<\/strong> and <strong>Mar\u00eda \u00c1ngeles Le\u00f3n <\/strong>for a conversation that raises the level of the debate<strong>.<\/strong><\/p>\n<p><a href=\"https:\/\/www.youtube.com\/watch?v=RZzWkwdHCOI&amp;list=PL1_2CCK9xa0CHuyKn5cAhVLSjVORvztOn&amp;index=1\">\u2018<\/a><a href=\"https:\/\/www.youtube.com\/watch?v=RZzWkwdHCOI&amp;list=PL1_2CCK9xa0CHuyKn5cAhVLSjVORvztOn&amp;index=1\" target=\"_blank\" rel=\"noopener\">Di\u00e1logos Activistas de lo Mutuo\u2019<\/a> is a Mutualidad space where conversations are held with inspiring people who have unique life stories, enriching professional experiences and diverse perspectives. They all share the same goal: to contribute to improving the world we live in. The aim is to generate reflection on current social issues that connect with the values and purpose of our organisation.<\/p>\n<p>It is published periodically since the <a href=\"https:\/\/www.youtube.com\/@Mutualidad_es\" target=\"_blank\" rel=\"noopener\">channel of YouTube of Mutualidad<\/a><\/p>\n<p><img fetchpriority=\"high\" decoding=\"async\" class=\"aligncenter size-full wp-image-31918\" src=\"https:\/\/agenciacomma.com\/wp-content\/uploads\/Reunir-voces-que-transforman-Quote-EN.png\" alt=\"\" width=\"1450\" height=\"357\" srcset=\"https:\/\/agenciacomma.com\/wp-content\/uploads\/Reunir-voces-que-transforman-Quote-EN.png 1450w, https:\/\/agenciacomma.com\/wp-content\/uploads\/Reunir-voces-que-transforman-Quote-EN-300x74.png 300w, https:\/\/agenciacomma.com\/wp-content\/uploads\/Reunir-voces-que-transforman-Quote-EN-1024x252.png 1024w, https:\/\/agenciacomma.com\/wp-content\/uploads\/Reunir-voces-que-transforman-Quote-EN-768x189.png 768w\" sizes=\"(max-width: 1450px) 100vw, 1450px\" \/><\/p>\n<div class=\"mailmunch-forms-widget-1079494\"><\/div>\n<div class=\"gsp_post_data\" \r\n\t            data-post_type=\"post\" \r\n\t            data-cat=\"specialized-communication\" \r\n\t            data-modified=\"120\"\r\n\t            data-created=\"1761124371\"\r\n\t            data-title=\"Bringing together voices that transform: this is how we connect Mutualidad and GSI in a dialogue about impact investing\" \r\n\t            data-home=\"https:\/\/agenciacomma.com\/en\/\"><\/div>","protected":false},"excerpt":{"rendered":"<p>There are spaces for thought and dialogue that transcend the agenda of the day to create fertile ground for two complementary perspectives to meet and generate criteria for action. When that happens, communicating is power to serve the common good, connect companies, align interests and build bridges between ideas and people. From comma, we have [&hellip;]<\/p>\n","protected":false},"author":33,"featured_media":31907,"comment_status":"open","ping_status":"open","sticky":false,"template":"","format":"standard","meta":{"inline_featured_image":false,"footnotes":""},"categories":[235],"tags":[247,282],"class_list":["post-31914","post","type-post","status-publish","format-standard","has-post-thumbnail","hentry","category-specialized-communication","tag-communication-strategy","tag-financial-communications-agency"],"yoast_head":"<!-- This site is optimized with the Yoast SEO plugin v27.2 - https:\/\/yoast.com\/product\/yoast-seo-wordpress\/ -->\n<title>Bringing together voices that transform: Mutualidad and GSI<\/title>\n<meta name=\"description\" content=\"Bringing together voices that transform: a dialogue between Mutualidad and GSI on impact investment of impact, purpose and shared value.\" \/>\n<meta name=\"robots\" content=\"index, follow, max-snippet:-1, max-image-preview:large, max-video-preview:-1\" \/>\n<link rel=\"canonical\" href=\"https:\/\/agenciacomma.com\/en\/specialized-communication\/gathering-voices-that-transform\/\" \/>\n<meta property=\"og:locale\" content=\"en_US\" \/>\n<meta property=\"og:type\" content=\"article\" \/>\n<meta property=\"og:title\" content=\"Bringing together voices that transform: Mutualidad and GSI\" \/>\n<meta property=\"og:description\" content=\"Bringing together voices that transform: a dialogue between Mutualidad and GSI on impact investment of impact, purpose and shared value.\" \/>\n<meta property=\"og:url\" content=\"https:\/\/agenciacomma.com\/en\/specialized-communication\/gathering-voices-that-transform\/\" \/>\n<meta property=\"og:site_name\" content=\"Agencia comma\" \/>\n<meta property=\"article:publisher\" content=\"https:\/\/www.facebook.com\/commaagencia\" \/>\n<meta property=\"article:published_time\" content=\"2025-10-22T07:12:51+00:00\" \/>\n<meta property=\"article:modified_time\" content=\"2025-12-10T08:05:00+00:00\" \/>\n<meta property=\"og:image\" content=\"https:\/\/agenciacomma.com\/wp-content\/uploads\/Reunir-voces-que-transforman-1024x576.jpg\" \/>\n<meta name=\"author\" content=\"Noem\u00ed Jansana\" \/>\n<meta name=\"twitter:card\" content=\"summary_large_image\" \/>\n<meta name=\"twitter:creator\" content=\"@NoemiFX\" \/>\n<meta name=\"twitter:site\" content=\"@agencia_comma\" \/>\n<meta name=\"twitter:label1\" content=\"Written by\" \/>\n\t<meta name=\"twitter:data1\" content=\"Noem\u00ed Jansana\" \/>\n\t<meta name=\"twitter:label2\" content=\"Est. reading time\" \/>\n\t<meta name=\"twitter:data2\" content=\"3 minutes\" \/>\n<script type=\"application\/ld+json\" class=\"yoast-schema-graph\">{\"@context\":\"https:\/\/schema.org\",\"@graph\":[{\"@type\":\"Article\",\"@id\":\"https:\/\/agenciacomma.com\/en\/specialized-communication\/gathering-voices-that-transform\/#article\",\"isPartOf\":{\"@id\":\"https:\/\/agenciacomma.com\/en\/specialized-communication\/gathering-voices-that-transform\/\"},\"author\":{\"name\":\"Noem\u00ed Jansana\",\"@id\":\"https:\/\/agenciacomma.com\/en\/#\/schema\/person\/441030e47f1be0758867515a1d8eb7ca\"},\"headline\":\"Bringing together voices that transform: this is how we connect Mutualidad and GSI in a dialogue about impact investing\",\"datePublished\":\"2025-10-22T07:12:51+00:00\",\"dateModified\":\"2025-12-10T08:05:00+00:00\",\"mainEntityOfPage\":{\"@id\":\"https:\/\/agenciacomma.com\/en\/specialized-communication\/gathering-voices-that-transform\/\"},\"wordCount\":522,\"commentCount\":0,\"publisher\":{\"@id\":\"https:\/\/agenciacomma.com\/en\/#organization\"},\"image\":{\"@id\":\"https:\/\/agenciacomma.com\/en\/specialized-communication\/gathering-voices-that-transform\/#primaryimage\"},\"thumbnailUrl\":\"https:\/\/agenciacomma.com\/wp-content\/uploads\/Reunir-voces-que-transforman.jpg\",\"keywords\":[\"communication strategy\",\"financial communications agency\"],\"articleSection\":[\"Specialized communication\"],\"inLanguage\":\"en-US\",\"potentialAction\":[{\"@type\":\"CommentAction\",\"name\":\"Comment\",\"target\":[\"https:\/\/agenciacomma.com\/en\/specialized-communication\/gathering-voices-that-transform\/#respond\"]}]},{\"@type\":\"WebPage\",\"@id\":\"https:\/\/agenciacomma.com\/en\/specialized-communication\/gathering-voices-that-transform\/\",\"url\":\"https:\/\/agenciacomma.com\/en\/specialized-communication\/gathering-voices-that-transform\/\",\"name\":\"Bringing together voices that transform: Mutualidad and GSI\",\"isPartOf\":{\"@id\":\"https:\/\/agenciacomma.com\/en\/#website\"},\"primaryImageOfPage\":{\"@id\":\"https:\/\/agenciacomma.com\/en\/specialized-communication\/gathering-voices-that-transform\/#primaryimage\"},\"image\":{\"@id\":\"https:\/\/agenciacomma.com\/en\/specialized-communication\/gathering-voices-that-transform\/#primaryimage\"},\"thumbnailUrl\":\"https:\/\/agenciacomma.com\/wp-content\/uploads\/Reunir-voces-que-transforman.jpg\",\"datePublished\":\"2025-10-22T07:12:51+00:00\",\"dateModified\":\"2025-12-10T08:05:00+00:00\",\"description\":\"Bringing together voices that transform: a dialogue between Mutualidad and GSI on impact investment of impact, purpose and shared value.\",\"breadcrumb\":{\"@id\":\"https:\/\/agenciacomma.com\/en\/specialized-communication\/gathering-voices-that-transform\/#breadcrumb\"},\"inLanguage\":\"en-US\",\"potentialAction\":[{\"@type\":\"ReadAction\",\"target\":[\"https:\/\/agenciacomma.com\/en\/specialized-communication\/gathering-voices-that-transform\/\"]}]},{\"@type\":\"ImageObject\",\"inLanguage\":\"en-US\",\"@id\":\"https:\/\/agenciacomma.com\/en\/specialized-communication\/gathering-voices-that-transform\/#primaryimage\",\"url\":\"https:\/\/agenciacomma.com\/wp-content\/uploads\/Reunir-voces-que-transforman.jpg\",\"contentUrl\":\"https:\/\/agenciacomma.com\/wp-content\/uploads\/Reunir-voces-que-transforman.jpg\",\"width\":1920,\"height\":1080},{\"@type\":\"BreadcrumbList\",\"@id\":\"https:\/\/agenciacomma.com\/en\/specialized-communication\/gathering-voices-that-transform\/#breadcrumb\",\"itemListElement\":[{\"@type\":\"ListItem\",\"position\":1,\"name\":\"Portada\",\"item\":\"https:\/\/agenciacomma.com\/en\/landing-corporate-2\/\"},{\"@type\":\"ListItem\",\"position\":2,\"name\":\"Bringing together voices that transform: this is how we connect Mutualidad and GSI in a dialogue about impact investing\"}]},{\"@type\":\"WebSite\",\"@id\":\"https:\/\/agenciacomma.com\/en\/#website\",\"url\":\"https:\/\/agenciacomma.com\/en\/\",\"name\":\"Agencia comma\",\"description\":\"Agencia de comunicaci\u00f3n\",\"publisher\":{\"@id\":\"https:\/\/agenciacomma.com\/en\/#organization\"},\"potentialAction\":[{\"@type\":\"SearchAction\",\"target\":{\"@type\":\"EntryPoint\",\"urlTemplate\":\"https:\/\/agenciacomma.com\/en\/?s={search_term_string}\"},\"query-input\":{\"@type\":\"PropertyValueSpecification\",\"valueRequired\":true,\"valueName\":\"search_term_string\"}}],\"inLanguage\":\"en-US\"},{\"@type\":\"Organization\",\"@id\":\"https:\/\/agenciacomma.com\/en\/#organization\",\"name\":\"Agencia comma\",\"url\":\"https:\/\/agenciacomma.com\/en\/\",\"logo\":{\"@type\":\"ImageObject\",\"inLanguage\":\"en-US\",\"@id\":\"https:\/\/agenciacomma.com\/en\/#\/schema\/logo\/image\/\",\"url\":\"https:\/\/agenciacomma.com\/wp-content\/uploads\/2023\/06\/comma-logo.svg\",\"contentUrl\":\"https:\/\/agenciacomma.com\/wp-content\/uploads\/2023\/06\/comma-logo.svg\",\"width\":101,\"height\":17,\"caption\":\"Agencia comma\"},\"image\":{\"@id\":\"https:\/\/agenciacomma.com\/en\/#\/schema\/logo\/image\/\"},\"sameAs\":[\"https:\/\/www.facebook.com\/commaagencia\",\"https:\/\/x.com\/agencia_comma\",\"https:\/\/www.instagram.com\/agencia_comma\/\",\"https:\/\/www.linkedin.com\/company\/agenciacomma\/\",\"https:\/\/www.pinterest.es\/agencia_comma\/\",\"https:\/\/www.youtube.com\/channel\/UCr2YTeMuokxv1S8z7dTqTYg\"]},{\"@type\":\"Person\",\"@id\":\"https:\/\/agenciacomma.com\/en\/#\/schema\/person\/441030e47f1be0758867515a1d8eb7ca\",\"name\":\"Noem\u00ed Jansana\",\"image\":{\"@type\":\"ImageObject\",\"inLanguage\":\"en-US\",\"@id\":\"https:\/\/secure.gravatar.com\/avatar\/b7e1e13f7b68ecfc657d7fb7c480c737d0430bffbf21ea239a72d581c94fab88?s=96&d=mm&r=g\",\"url\":\"https:\/\/secure.gravatar.com\/avatar\/b7e1e13f7b68ecfc657d7fb7c480c737d0430bffbf21ea239a72d581c94fab88?s=96&d=mm&r=g\",\"contentUrl\":\"https:\/\/secure.gravatar.com\/avatar\/b7e1e13f7b68ecfc657d7fb7c480c737d0430bffbf21ea239a72d581c94fab88?s=96&d=mm&r=g\",\"caption\":\"Noem\u00ed Jansana\"},\"description\":\"Consultora senior \/ Agencia comma\",\"sameAs\":[\"https:\/\/www.linkedin.com\/in\/noemijansana\",\"https:\/\/x.com\/NoemiFX\"]}]}<\/script>\n<!-- \/ Yoast SEO plugin. -->","yoast_head_json":{"title":"Bringing together voices that transform: Mutualidad and GSI","description":"Bringing together voices that transform: a dialogue between Mutualidad and GSI on impact investment of impact, purpose and shared value.","robots":{"index":"index","follow":"follow","max-snippet":"max-snippet:-1","max-image-preview":"max-image-preview:large","max-video-preview":"max-video-preview:-1"},"canonical":"https:\/\/agenciacomma.com\/en\/specialized-communication\/gathering-voices-that-transform\/","og_locale":"en_US","og_type":"article","og_title":"Bringing together voices that transform: Mutualidad and GSI","og_description":"Bringing together voices that transform: a dialogue between Mutualidad and GSI on impact investment of impact, purpose and shared value.","og_url":"https:\/\/agenciacomma.com\/en\/specialized-communication\/gathering-voices-that-transform\/","og_site_name":"Agencia comma","article_publisher":"https:\/\/www.facebook.com\/commaagencia","article_published_time":"2025-10-22T07:12:51+00:00","article_modified_time":"2025-12-10T08:05:00+00:00","og_image":[{"url":"https:\/\/agenciacomma.com\/wp-content\/uploads\/Reunir-voces-que-transforman-1024x576.jpg","type":"","width":"","height":""}],"author":"Noem\u00ed Jansana","twitter_card":"summary_large_image","twitter_creator":"@NoemiFX","twitter_site":"@agencia_comma","twitter_misc":{"Written by":"Noem\u00ed Jansana","Est. reading time":"3 minutes"},"schema":{"@context":"https:\/\/schema.org","@graph":[{"@type":"Article","@id":"https:\/\/agenciacomma.com\/en\/specialized-communication\/gathering-voices-that-transform\/#article","isPartOf":{"@id":"https:\/\/agenciacomma.com\/en\/specialized-communication\/gathering-voices-that-transform\/"},"author":{"name":"Noem\u00ed Jansana","@id":"https:\/\/agenciacomma.com\/en\/#\/schema\/person\/441030e47f1be0758867515a1d8eb7ca"},"headline":"Bringing together voices that transform: this is how we connect Mutualidad and GSI in a dialogue about impact investing","datePublished":"2025-10-22T07:12:51+00:00","dateModified":"2025-12-10T08:05:00+00:00","mainEntityOfPage":{"@id":"https:\/\/agenciacomma.com\/en\/specialized-communication\/gathering-voices-that-transform\/"},"wordCount":522,"commentCount":0,"publisher":{"@id":"https:\/\/agenciacomma.com\/en\/#organization"},"image":{"@id":"https:\/\/agenciacomma.com\/en\/specialized-communication\/gathering-voices-that-transform\/#primaryimage"},"thumbnailUrl":"https:\/\/agenciacomma.com\/wp-content\/uploads\/Reunir-voces-que-transforman.jpg","keywords":["communication strategy","financial communications agency"],"articleSection":["Specialized communication"],"inLanguage":"en-US","potentialAction":[{"@type":"CommentAction","name":"Comment","target":["https:\/\/agenciacomma.com\/en\/specialized-communication\/gathering-voices-that-transform\/#respond"]}]},{"@type":"WebPage","@id":"https:\/\/agenciacomma.com\/en\/specialized-communication\/gathering-voices-that-transform\/","url":"https:\/\/agenciacomma.com\/en\/specialized-communication\/gathering-voices-that-transform\/","name":"Bringing together voices that transform: Mutualidad and GSI","isPartOf":{"@id":"https:\/\/agenciacomma.com\/en\/#website"},"primaryImageOfPage":{"@id":"https:\/\/agenciacomma.com\/en\/specialized-communication\/gathering-voices-that-transform\/#primaryimage"},"image":{"@id":"https:\/\/agenciacomma.com\/en\/specialized-communication\/gathering-voices-that-transform\/#primaryimage"},"thumbnailUrl":"https:\/\/agenciacomma.com\/wp-content\/uploads\/Reunir-voces-que-transforman.jpg","datePublished":"2025-10-22T07:12:51+00:00","dateModified":"2025-12-10T08:05:00+00:00","description":"Bringing together voices that transform: a dialogue between Mutualidad and GSI on impact investment of impact, purpose and shared value.","breadcrumb":{"@id":"https:\/\/agenciacomma.com\/en\/specialized-communication\/gathering-voices-that-transform\/#breadcrumb"},"inLanguage":"en-US","potentialAction":[{"@type":"ReadAction","target":["https:\/\/agenciacomma.com\/en\/specialized-communication\/gathering-voices-that-transform\/"]}]},{"@type":"ImageObject","inLanguage":"en-US","@id":"https:\/\/agenciacomma.com\/en\/specialized-communication\/gathering-voices-that-transform\/#primaryimage","url":"https:\/\/agenciacomma.com\/wp-content\/uploads\/Reunir-voces-que-transforman.jpg","contentUrl":"https:\/\/agenciacomma.com\/wp-content\/uploads\/Reunir-voces-que-transforman.jpg","width":1920,"height":1080},{"@type":"BreadcrumbList","@id":"https:\/\/agenciacomma.com\/en\/specialized-communication\/gathering-voices-that-transform\/#breadcrumb","itemListElement":[{"@type":"ListItem","position":1,"name":"Portada","item":"https:\/\/agenciacomma.com\/en\/landing-corporate-2\/"},{"@type":"ListItem","position":2,"name":"Bringing together voices that transform: this is how we connect Mutualidad and GSI in a dialogue about impact investing"}]},{"@type":"WebSite","@id":"https:\/\/agenciacomma.com\/en\/#website","url":"https:\/\/agenciacomma.com\/en\/","name":"Agencia comma","description":"Agencia de comunicaci\u00f3n","publisher":{"@id":"https:\/\/agenciacomma.com\/en\/#organization"},"potentialAction":[{"@type":"SearchAction","target":{"@type":"EntryPoint","urlTemplate":"https:\/\/agenciacomma.com\/en\/?s={search_term_string}"},"query-input":{"@type":"PropertyValueSpecification","valueRequired":true,"valueName":"search_term_string"}}],"inLanguage":"en-US"},{"@type":"Organization","@id":"https:\/\/agenciacomma.com\/en\/#organization","name":"Agencia comma","url":"https:\/\/agenciacomma.com\/en\/","logo":{"@type":"ImageObject","inLanguage":"en-US","@id":"https:\/\/agenciacomma.com\/en\/#\/schema\/logo\/image\/","url":"https:\/\/agenciacomma.com\/wp-content\/uploads\/2023\/06\/comma-logo.svg","contentUrl":"https:\/\/agenciacomma.com\/wp-content\/uploads\/2023\/06\/comma-logo.svg","width":101,"height":17,"caption":"Agencia comma"},"image":{"@id":"https:\/\/agenciacomma.com\/en\/#\/schema\/logo\/image\/"},"sameAs":["https:\/\/www.facebook.com\/commaagencia","https:\/\/x.com\/agencia_comma","https:\/\/www.instagram.com\/agencia_comma\/","https:\/\/www.linkedin.com\/company\/agenciacomma\/","https:\/\/www.pinterest.es\/agencia_comma\/","https:\/\/www.youtube.com\/channel\/UCr2YTeMuokxv1S8z7dTqTYg"]},{"@type":"Person","@id":"https:\/\/agenciacomma.com\/en\/#\/schema\/person\/441030e47f1be0758867515a1d8eb7ca","name":"Noem\u00ed Jansana","image":{"@type":"ImageObject","inLanguage":"en-US","@id":"https:\/\/secure.gravatar.com\/avatar\/b7e1e13f7b68ecfc657d7fb7c480c737d0430bffbf21ea239a72d581c94fab88?s=96&d=mm&r=g","url":"https:\/\/secure.gravatar.com\/avatar\/b7e1e13f7b68ecfc657d7fb7c480c737d0430bffbf21ea239a72d581c94fab88?s=96&d=mm&r=g","contentUrl":"https:\/\/secure.gravatar.com\/avatar\/b7e1e13f7b68ecfc657d7fb7c480c737d0430bffbf21ea239a72d581c94fab88?s=96&d=mm&r=g","caption":"Noem\u00ed Jansana"},"description":"Consultora senior \/ Agencia comma","sameAs":["https:\/\/www.linkedin.com\/in\/noemijansana","https:\/\/x.com\/NoemiFX"]}]}},"_links":{"self":[{"href":"https:\/\/agenciacomma.com\/en\/wp-json\/wp\/v2\/posts\/31914","targetHints":{"allow":["GET"]}}],"collection":[{"href":"https:\/\/agenciacomma.com\/en\/wp-json\/wp\/v2\/posts"}],"about":[{"href":"https:\/\/agenciacomma.com\/en\/wp-json\/wp\/v2\/types\/post"}],"author":[{"embeddable":true,"href":"https:\/\/agenciacomma.com\/en\/wp-json\/wp\/v2\/users\/33"}],"replies":[{"embeddable":true,"href":"https:\/\/agenciacomma.com\/en\/wp-json\/wp\/v2\/comments?post=31914"}],"version-history":[{"count":5,"href":"https:\/\/agenciacomma.com\/en\/wp-json\/wp\/v2\/posts\/31914\/revisions"}],"predecessor-version":[{"id":32031,"href":"https:\/\/agenciacomma.com\/en\/wp-json\/wp\/v2\/posts\/31914\/revisions\/32031"}],"wp:featuredmedia":[{"embeddable":true,"href":"https:\/\/agenciacomma.com\/en\/wp-json\/wp\/v2\/media\/31907"}],"wp:attachment":[{"href":"https:\/\/agenciacomma.com\/en\/wp-json\/wp\/v2\/media?parent=31914"}],"wp:term":[{"taxonomy":"category","embeddable":true,"href":"https:\/\/agenciacomma.com\/en\/wp-json\/wp\/v2\/categories?post=31914"},{"taxonomy":"post_tag","embeddable":true,"href":"https:\/\/agenciacomma.com\/en\/wp-json\/wp\/v2\/tags?post=31914"}],"curies":[{"name":"wp","href":"https:\/\/api.w.org\/{rel}","templated":true}]}}